{"id":366,"date":"2015-03-27T08:59:54","date_gmt":"2015-03-27T08:59:54","guid":{"rendered":"http:\/\/go-soma.de\/?p=366"},"modified":"2016-02-27T09:05:11","modified_gmt":"2016-02-27T09:05:11","slug":"der-blick-von-aussen-prof-dr-franz-josef-roell-ueber-medien-und-soziale-arbeit","status":"publish","type":"post","link":"http:\/\/go-soma.de\/?p=366","title":{"rendered":"&#8222;Der Blick von Au\u00dfen&#8220; &#8211; Prof. Dr. Franz Josef R\u00f6ll \u00fcber Medien und Soziale Arbeit"},"content":{"rendered":"<p>Franz Josef R\u00f6ll spricht am Fachtag Medienkompetenz 2014 \u00fcber Medien, Soziale Arbeit, sowie \u00fcber die Einf\u00fchrung der Bachlor-Studieng\u00e4nge.<br \/>\nBemerkung am Rande: @Bundeszentrale f\u00fcr politische Bildung &#8211; Ein Flash-Video &#8230; 2014? Nicht euer Ernst.<\/p>\n<p>Link nach dem Break.<!--more--><a href=\"http:\/\/www.bpb.de\/veranstaltungen\/format\/kongress-tagung\/medienkompetenz-2014\/181724\/der-blick-von-aussen-soziale-arbeit-und-medienpaedagogik\">http:\/\/www.bpb.de\/veranstaltungen\/format\/kongress-tagung\/medienkompetenz-2014\/181724\/der-blick-von-aussen-soziale-arbeit-und-medienpaedagogik<\/a><\/p>\n","protected":false},"excerpt":{"rendered":"<p>Franz Josef R\u00f6ll spricht am Fachtag Medienkompetenz 2014 \u00fcber Medien, Soziale Arbeit, sowie \u00fcber die Einf\u00fchrung der Bachlor-Studieng\u00e4nge. Bemerkung am Rande: @Bundeszentrale f\u00fcr politische Bildung &#8211; Ein Flash-Video &#8230; 2014? Nicht euer Ernst. Link nach dem Break.<\/p>\n","protected":false},"author":2,"featured_media":0,"comment_status":"open","ping_status":"closed","sticky":false,"template":"","format":"standard","meta":[],"categories":[13,23],"tags":[],"_links":{"self":[{"href":"http:\/\/go-soma.de\/index.php?rest_route=\/wp\/v2\/posts\/366"}],"collection":[{"href":"http:\/\/go-soma.de\/index.php?rest_route=\/wp\/v2\/posts"}],"about":[{"href":"http:\/\/go-soma.de\/index.php?rest_route=\/wp\/v2\/types\/post"}],"author":[{"embeddable":true,"href":"http:\/\/go-soma.de\/index.php?rest_route=\/wp\/v2\/users\/2"}],"replies":[{"embeddable":true,"href":"http:\/\/go-soma.de\/index.php?rest_route=%2Fwp%2Fv2%2Fcomments&post=366"}],"version-history":[{"count":1,"href":"http:\/\/go-soma.de\/index.php?rest_route=\/wp\/v2\/posts\/366\/revisions"}],"predecessor-version":[{"id":367,"href":"http:\/\/go-soma.de\/index.php?rest_route=\/wp\/v2\/posts\/366\/revisions\/367"}],"wp:attachment":[{"href":"http:\/\/go-soma.de\/index.php?rest_route=%2Fwp%2Fv2%2Fmedia&parent=366"}],"wp:term":[{"taxonomy":"category","embeddable":true,"href":"http:\/\/go-soma.de\/index.php?rest_route=%2Fwp%2Fv2%2Fcategories&post=366"},{"taxonomy":"post_tag","embeddable":true,"href":"http:\/\/go-soma.de\/index.php?rest_route=%2Fwp%2Fv2%2Ftags&post=366"}],"curies":[{"name":"wp","href":"https:\/\/api.w.org\/{rel}","templated":true}]}}